{"id":645,"date":"2018-08-27T16:50:47","date_gmt":"2018-08-27T14:50:47","guid":{"rendered":"https:\/\/www.patriciahairsaloon.com\/?p=645"},"modified":"2018-09-29T10:50:08","modified_gmt":"2018-09-29T08:50:08","slug":"estiu-de-canvis-a-tot-cabell","status":"publish","type":"post","link":"https:\/\/www.patriciahairsaloon.com\/es\/estiu-de-canvis-a-tot-cabell\/","title":{"rendered":"Verano de cambios en Tot Cabell"},"content":{"rendered":"<p><\/p>\n<p style=\"text-align: justify;\">Dicen aquello de renovar o morir\u2026<\/p>\n<p style=\"text-align: justify;\">Este verano 2018 <strong>Perruqueria Tot Cabell<\/strong> se ha renovado!<\/p>\n<p style=\"text-align: justify;\">\u00a1Cambio de local! Tenemos m\u00e1s espacio y todo el tiempo del mundo para dejarte con el look que mereces! Ahora nos encontrar\u00e1s en la <strong>calle Joan Maragall n\u00famero 7 de Sant Feliu de Gu\u00edxols<\/strong>.<\/p>\n<p style=\"text-align: justify;\">\u00a1No te despistes! \u00a1Nuevo espacio y el mismo buen equipo de siempre!<\/p>\n<p style=\"text-align: justify;\">Aqu\u00ed te lo presentamos en im\u00e1genes\u2026<\/p>\n\n\t\t<!-- MasterSlider -->\n\t\t<div id=\"P_MS69ec8ed2c1988\" class=\"master-slider-parent msl ms-parent-id-6\" style=\"max-width:100%;\">\n\n\t\t\t\n\t\t\t<!-- MasterSlider Main -->\n\t\t\t<div id=\"MS69ec8ed2c1988\" class=\"master-slider ms-skin-default\" >\n\t\t\t\t \t\t\t\t \n\t\t\t\t<div  class=\"ms-slide\" data-delay=\"3\" data-fill-mode=\"fill\"  >\n\t\t\t\t\t<img decoding=\"async\" src=\"https:\/\/www.patriciahairsaloon.com\/wp-content\/plugins\/master-slider\/public\/assets\/css\/blank.gif\" alt=\"Look 2018 | Perruqueria unisex Tot Cabell | Sant Feliu de Gu\u00edxols\" title=\"\" data-src=\"https:\/\/www.patriciahairsaloon.com\/wp-content\/uploads\/2018\/10\/Look-2018-01.jpg\" \/>\n\n\n\t<div class=\"ms-thumb\" ><div class=\"ms-tab-context\"><div class=\"&quot;ms-tab-context&quot;\"><\/div><\/div>\n<\/div>\n\t\t\t\t<\/div>\n\t\t\t\t<div  class=\"ms-slide\" data-delay=\"3\" data-fill-mode=\"fill\"  >\n\t\t\t\t\t<img decoding=\"async\" src=\"https:\/\/www.patriciahairsaloon.com\/wp-content\/plugins\/master-slider\/public\/assets\/css\/blank.gif\" alt=\"Look 2018 | Perruqueria unisex Tot Cabell | Sant Feliu de Gu\u00edxols\" title=\"\" data-src=\"https:\/\/www.patriciahairsaloon.com\/wp-content\/uploads\/2018\/10\/Look-2018-02.jpg\" \/>\n\n\n\t<div class=\"ms-thumb\" ><div class=\"ms-tab-context\"><div class=\"&quot;ms-tab-context&quot;\"><\/div><\/div>\n<\/div>\n\t\t\t\t<\/div>\n\t\t\t\t<div  class=\"ms-slide\" data-delay=\"3\" data-fill-mode=\"fill\"  >\n\t\t\t\t\t<img decoding=\"async\" src=\"https:\/\/www.patriciahairsaloon.com\/wp-content\/plugins\/master-slider\/public\/assets\/css\/blank.gif\" alt=\"Look 2018 | Perruqueria unisex Tot Cabell | Sant Feliu de Gu\u00edxols\" title=\"\" data-src=\"https:\/\/www.patriciahairsaloon.com\/wp-content\/uploads\/2018\/10\/Look-2018-03.jpg\" \/>\n\n\n\t<div class=\"ms-thumb\" ><div class=\"ms-tab-context\"><div class=\"&quot;ms-tab-context&quot;\"><\/div><\/div>\n<\/div>\n\t\t\t\t<\/div>\n\t\t\t\t<div  class=\"ms-slide\" data-delay=\"3\" data-fill-mode=\"fill\"  >\n\t\t\t\t\t<img decoding=\"async\" src=\"https:\/\/www.patriciahairsaloon.com\/wp-content\/plugins\/master-slider\/public\/assets\/css\/blank.gif\" alt=\"Look 2018 | Perruqueria unisex Tot Cabell | Sant Feliu de Gu\u00edxols\" title=\"\" data-src=\"https:\/\/www.patriciahairsaloon.com\/wp-content\/uploads\/2018\/10\/Look-2018-04.jpg\" \/>\n\n\n\t<div class=\"ms-thumb\" ><div class=\"ms-tab-context\"><div class=\"&quot;ms-tab-context&quot;\"><\/div><\/div>\n<\/div>\n\t\t\t\t<\/div>\n\t\t\t\t<div  class=\"ms-slide\" data-delay=\"3\" data-fill-mode=\"fill\"  >\n\t\t\t\t\t<img decoding=\"async\" src=\"https:\/\/www.patriciahairsaloon.com\/wp-content\/plugins\/master-slider\/public\/assets\/css\/blank.gif\" alt=\"Look 2018 | Perruqueria unisex Tot Cabell | Sant Feliu de Gu\u00edxols\" title=\"\" data-src=\"https:\/\/www.patriciahairsaloon.com\/wp-content\/uploads\/2018\/10\/Look-2018-05.jpg\" \/>\n\n\n\t<div class=\"ms-thumb\" ><div class=\"ms-tab-context\"><div class=\"&quot;ms-tab-context&quot;\"><\/div><\/div>\n<\/div>\n\t\t\t\t<\/div>\n\t\t\t\t<div  class=\"ms-slide\" data-delay=\"3\" data-fill-mode=\"fill\"  >\n\t\t\t\t\t<img decoding=\"async\" src=\"https:\/\/www.patriciahairsaloon.com\/wp-content\/plugins\/master-slider\/public\/assets\/css\/blank.gif\" alt=\"Look 2018 | Perruqueria unisex Tot Cabell | Sant Feliu de Gu\u00edxols\" title=\"\" data-src=\"https:\/\/www.patriciahairsaloon.com\/wp-content\/uploads\/2018\/10\/Look-2018-06.jpg\" \/>\n\n\n\t<div class=\"ms-thumb\" ><div class=\"ms-tab-context\"><div class=\"&quot;ms-tab-context&quot;\"><\/div><\/div>\n<\/div>\n\t\t\t\t<\/div>\n\t\t\t\t<div  class=\"ms-slide\" data-delay=\"3\" data-fill-mode=\"fill\"  >\n\t\t\t\t\t<img decoding=\"async\" src=\"https:\/\/www.patriciahairsaloon.com\/wp-content\/plugins\/master-slider\/public\/assets\/css\/blank.gif\" alt=\"Look 2018 | Perruqueria unisex Tot Cabell | Sant Feliu de Gu\u00edxols\" title=\"\" data-src=\"https:\/\/www.patriciahairsaloon.com\/wp-content\/uploads\/2018\/10\/Look-2018-07.jpg\" \/>\n\n\n\t<div class=\"ms-thumb\" ><div class=\"ms-tab-context\"><div class=\"&quot;ms-tab-context&quot;\"><\/div><\/div>\n<\/div>\n\t\t\t\t<\/div>\n\t\t\t\t<div  class=\"ms-slide\" data-delay=\"3\" data-fill-mode=\"fill\"  >\n\t\t\t\t\t<img decoding=\"async\" src=\"https:\/\/www.patriciahairsaloon.com\/wp-content\/plugins\/master-slider\/public\/assets\/css\/blank.gif\" alt=\"Look 2018 | Perruqueria unisex Tot Cabell | Sant Feliu de Gu\u00edxols\" title=\"\" data-src=\"https:\/\/www.patriciahairsaloon.com\/wp-content\/uploads\/2018\/10\/Look-2018-08.jpg\" \/>\n\n\n\t<div class=\"ms-thumb\" ><div class=\"ms-tab-context\"><div class=\"&quot;ms-tab-context&quot;\"><\/div><\/div>\n<\/div>\n\t\t\t\t<\/div>\n\n\t\t\t<\/div>\n\t\t\t<!-- END MasterSlider Main -->\n\n\t\t\t \n\t\t<\/div>\n\t\t<!-- END MasterSlider -->\n\n\t\t<script>\n\t\t(function ( $ ) {\n\t\t\t\"use strict\";\n\n\t\t\t$(function () {\n\t\t\t\tvar masterslider_1988 = new MasterSlider();\n\n\t\t\t\t\/\/ slider controls\n\t\t\t\tmasterslider_1988.control('arrows'     ,{ autohide:true, overVideo:true , hideUnder:400 });\n\t\t\t\t\/\/ slider setup\n\t\t\t\tmasterslider_1988.setup(\"MS69ec8ed2c1988\", {\n\t\t\t\t\t\twidth           : 1400,\n\t\t\t\t\t\theight          : 800,\n\t\t\t\t\t\tminHeight       : 0,\n\t\t\t\t\t\tspace           : 0,\n\t\t\t\t\t\tstart           : 1,\n\t\t\t\t\t\tgrabCursor      : true,\n\t\t\t\t\t\tswipe           : true,\n\t\t\t\t\t\tmouse           : true,\n\t\t\t\t\t\tlayout          : \"boxed\",\n\t\t\t\t\t\twheel           : false,\n\t\t\t\t\t\tautoplay        : true,\n\t\t\t\t\t\tinstantStartLayers:false,\n\t\t\t\t\t\tloop            : true,\n\t\t\t\t\t\tshuffle         : true,\n\t\t\t\t\t\tpreload         : 0,\n\t\t\t\t\t\theightLimit     : true,\n\t\t\t\t\t\tautoHeight      : true,\n\t\t\t\t\t\tsmoothHeight    : true,\n\t\t\t\t\t\tendPause        : false,\n\t\t\t\t\t\toverPause       : true,\n\t\t\t\t\t\tfillMode        : \"fill\",\n\t\t\t\t\t\tcenterControls  : true,\n\t\t\t\t\t\tstartOnAppear   : false,\n\t\t\t\t\t\tlayersMode      : \"center\",\n\t\t\t\t\t\thideLayers      : false,\n\t\t\t\t\t\tfullscreenMargin: 0,\n\t\t\t\t\t\tspeed           : 20,\n\t\t\t\t\t\tdir             : \"h\",\n\t\t\t\t\t\tparallaxMode    : 'swipe',\n\t\t\t\t\t\tview            : \"fade\"\n\t\t\t\t});\n\n\t\t\t\t\n\t\t\t\twindow.masterslider_instances = window.masterslider_instances || [];\n\t\t\t\twindow.masterslider_instances.push( masterslider_1988 );\n\t\t\t });\n\n\t\t})(jQuery);\n\t\t<\/script>\n\n\n<p style=\"text-align: justify;\">Pero esto no es todo\u2026 \u00a1estrenamos nueva web!<\/p>\n<p style=\"text-align: justify;\">M\u00e1s moderna, m\u00e1s visual, con secci\u00f3n blog donde te iremos informando sobre novedades, consejos, noticias que te interesan\u2026<br \/>\n\u00a1Esperamos que te guste!<\/p>\n<p><img decoding=\"async\" class=\"aligncenter wp-image-648 size-full\" title=\"Novedades verano 2018 | Peluquer\u00eda unisex Tot Cabell | Sant Feliu de Gu\u00edxols\" src=\"https:\/\/www.patriciahairsaloon.com\/wp-content\/uploads\/2018\/08\/Novetats-estiu-2018.jpg\" alt=\"Novedades verano 2018 | Peluquer\u00eda unisex Tot Cabell | Sant Feliu de Gu\u00edxols\" width=\"800\" height=\"650\" srcset=\"https:\/\/www.patriciahairsaloon.com\/wp-content\/uploads\/2018\/08\/Novetats-estiu-2018.jpg 800w, https:\/\/www.patriciahairsaloon.com\/wp-content\/uploads\/2018\/08\/Novetats-estiu-2018-300x244.jpg 300w\" sizes=\"(max-width: 800px) 100vw, 800px\" \/><\/p>","protected":false},"excerpt":{"rendered":"<p style=\"text-align: justify;\">Dicen aquello de renovar o morir\u2026<\/p>\n<p style=\"text-align: justify;\">Este verano 2018 <strong>Perruqueria Tot Cabell<\/strong> se ha renovado!<\/p>\n<p style=\"text-align: justify;\">Estrenamos local&#8230;y nueva web.<\/p>\n<p style=\"text-align: justify;\">\u00a1Unas novedades que esperamos que te gusten tanto como a nosotros!<\/p>\n","protected":false},"author":1,"featured_media":648,"comment_status":"closed","ping_status":"closed","sticky":false,"template":"","format":"standard","meta":{"footnotes":""},"categories":[1],"tags":[],"class_list":["post-645","post","type-post","status-publish","format-standard","has-post-thumbnail","hentry","category-blog"],"_links":{"self":[{"href":"https:\/\/www.patriciahairsaloon.com\/es\/wp-json\/wp\/v2\/posts\/645","targetHints":{"allow":["GET"]}}],"collection":[{"href":"https:\/\/www.patriciahairsaloon.com\/es\/wp-json\/wp\/v2\/posts"}],"about":[{"href":"https:\/\/www.patriciahairsaloon.com\/es\/wp-json\/wp\/v2\/types\/post"}],"author":[{"embeddable":true,"href":"https:\/\/www.patriciahairsaloon.com\/es\/wp-json\/wp\/v2\/users\/1"}],"replies":[{"embeddable":true,"href":"https:\/\/www.patriciahairsaloon.com\/es\/wp-json\/wp\/v2\/comments?post=645"}],"version-history":[{"count":0,"href":"https:\/\/www.patriciahairsaloon.com\/es\/wp-json\/wp\/v2\/posts\/645\/revisions"}],"wp:featuredmedia":[{"embeddable":true,"href":"https:\/\/www.patriciahairsaloon.com\/es\/wp-json\/wp\/v2\/media\/648"}],"wp:attachment":[{"href":"https:\/\/www.patriciahairsaloon.com\/es\/wp-json\/wp\/v2\/media?parent=645"}],"wp:term":[{"taxonomy":"category","embeddable":true,"href":"https:\/\/www.patriciahairsaloon.com\/es\/wp-json\/wp\/v2\/categories?post=645"},{"taxonomy":"post_tag","embeddable":true,"href":"https:\/\/www.patriciahairsaloon.com\/es\/wp-json\/wp\/v2\/tags?post=645"}],"curies":[{"name":"wp","href":"https:\/\/api.w.org\/{rel}","templated":true}]}}