{"id":753,"date":"2018-11-22T19:29:09","date_gmt":"2018-11-22T18:29:09","guid":{"rendered":"https:\/\/www.patriciahairsaloon.com\/?p=753"},"modified":"2018-12-29T18:16:59","modified_gmt":"2018-12-29T17:16:59","slug":"colors-de-tendencia-tardor-hivern-2018-19","status":"publish","type":"post","link":"https:\/\/www.patriciahairsaloon.com\/es\/colors-de-tendencia-tardor-hivern-2018-19\/","title":{"rendered":"Colores de tendencia oto\u00f1o-invierno 2018\/19"},"content":{"rendered":"<p><\/p>\n<p style=\"text-align: justify;\">Hemos escogido 8 colores que son tendencia esta temporada de Oto\u00f1o- Invierno 2018\/19. Momento de revisar tu look!<\/p>\n<h3>En Tot Cabell te proponemos\u2026<\/h3>\n<div class=\"one_half name of animation\">\n<h3 style=\"text-align: center;\">EL M\u00c1S BUSCADO<\/h3>\n<p style=\"text-align: justify;\">Uno de los que apunta m\u00e1s alto este, de base casta\u00f1a y con mechas rubias suaves por toda la melena. Y es que es\u00a0uno de los colores m\u00e1s buscados en Google\u00a0as\u00ed que seguro que triunfa.<\/p>\n<p><img fetchpriority=\"high\" decoding=\"async\" class=\"aligncenter wp-image-759 size-medium\" src=\"https:\/\/www.patriciahairsaloon.com\/wp-content\/uploads\/2018\/11\/Colors-tend\u00e8ncia-tardor-01-200x300.jpg\" alt=\"Colors tend\u00e8ncia tardor | Perruqueria unisex Tot Cabell | Sant Feliu de Gu\u00edxols\" width=\"200\" height=\"300\" srcset=\"https:\/\/www.patriciahairsaloon.com\/wp-content\/uploads\/2018\/11\/Colors-tend\u00e8ncia-tardor-01-200x300.jpg 200w, https:\/\/www.patriciahairsaloon.com\/wp-content\/uploads\/2018\/11\/Colors-tend\u00e8ncia-tardor-01.jpg 600w\" sizes=\"(max-width: 200px) 100vw, 200px\" \/><\/div><div class=\"one_half name of animation last_column\"><\/p>\n<h3 style=\"text-align: center;\">BRONCE<\/h3>\n<p style=\"text-align: justify;\">Las mechas en color bronce van a competir por llevarse el protagonismo de las rubias y es que la mezcla de este tono m\u00e1s rojizo combina a la perfecci\u00f3n con los casta\u00f1os oscuros.<\/p>\n<p><img decoding=\"async\" class=\"aligncenter wp-image-760 size-medium\" src=\"https:\/\/www.patriciahairsaloon.com\/wp-content\/uploads\/2018\/11\/Colors-tend\u00e8ncia-tardor-02-200x300.jpg\" alt=\"Colors tend\u00e8ncia tardor | Perruqueria unisex Tot Cabell | Sant Feliu de Gu\u00edxols\" width=\"200\" height=\"300\" srcset=\"https:\/\/www.patriciahairsaloon.com\/wp-content\/uploads\/2018\/11\/Colors-tend\u00e8ncia-tardor-02-200x300.jpg 200w, https:\/\/www.patriciahairsaloon.com\/wp-content\/uploads\/2018\/11\/Colors-tend\u00e8ncia-tardor-02.jpg 600w\" sizes=\"(max-width: 200px) 100vw, 200px\" \/><\/p>\n<p><\/div><div class=\"one_half name of animation\"><\/p>\n<h3 style=\"text-align: center;\">BLORANGE<\/h3>\n<p style=\"text-align: justify;\">A medio camino entre el rubio y el pelirrojo, el\u00a0<em>blorange\u00a0<\/em>se\u00a0est\u00e1 convirtiendo en uno de los colores de pelo m\u00e1s deseados.<\/p>\n<p><a href=\"https:\/\/www.patriciahairsaloon.com\/wp-content\/uploads\/2018\/11\/Colors-tend\u00e8ncia-tardor-03.jpg\"><img decoding=\"async\" class=\"aligncenter wp-image-761 size-medium\" src=\"https:\/\/www.patriciahairsaloon.com\/wp-content\/uploads\/2018\/11\/Colors-tend\u00e8ncia-tardor-03-200x300.jpg\" alt=\"Colors tend\u00e8ncia tardor | Perruqueria unisex Tot Cabell | Sant Feliu de Gu\u00edxols\" width=\"200\" height=\"300\" srcset=\"https:\/\/www.patriciahairsaloon.com\/wp-content\/uploads\/2018\/11\/Colors-tend\u00e8ncia-tardor-03-200x300.jpg 200w, https:\/\/www.patriciahairsaloon.com\/wp-content\/uploads\/2018\/11\/Colors-tend\u00e8ncia-tardor-03.jpg 600w\" sizes=\"(max-width: 200px) 100vw, 200px\" \/><br \/>\n<\/a><\/p>\n<p><\/div><div class=\"one_half name of animation last_column\"><\/p>\n<h3 style=\"text-align: center;\">\u00d3XIDO<\/h3>\n<p style=\"text-align: justify;\">El rubio bronce es una de las grandes apuestas para el oto\u00f1o\/invierno 2018-2019. Se trata de un tono muy natural, cargado de matices ideal para las que se han cansado del rubio glaciar y quieren volver a tonos m\u00e1s f\u00e1ciles de mantener.<\/p>\n<p><img loading=\"lazy\" decoding=\"async\" class=\"aligncenter wp-image-762 size-medium\" src=\"https:\/\/www.patriciahairsaloon.com\/wp-content\/uploads\/2018\/11\/Colors-tend\u00e8ncia-tardor-04-200x300.jpg\" alt=\"Colors tend\u00e8ncia tardor | Perruqueria unisex Tot Cabell | Sant Feliu de Gu\u00edxols\" width=\"200\" height=\"300\" srcset=\"https:\/\/www.patriciahairsaloon.com\/wp-content\/uploads\/2018\/11\/Colors-tend\u00e8ncia-tardor-04-200x300.jpg 200w, https:\/\/www.patriciahairsaloon.com\/wp-content\/uploads\/2018\/11\/Colors-tend\u00e8ncia-tardor-04.jpg 600w\" sizes=\"(max-width: 200px) 100vw, 200px\" \/><\/p>\n<p><\/div><div class=\"one_half name of animation\"><\/p>\n<h3 style=\"text-align: center;\">DORADO<\/h3>\n<p style=\"text-align: justify;\">Los rubios m\u00e1s cl\u00e1sicos tambi\u00e9n se seguir\u00e1n llevando. De hecho, este tono va a ser una de las grandes apuestas de cara al oto\u00f1o\/invierno 2018-2019 y es que ideal para resaltar el bronceado que hemos conseguido en las vacaciones..<\/p>\n<p><img loading=\"lazy\" decoding=\"async\" class=\"aligncenter wp-image-763 size-medium\" src=\"https:\/\/www.patriciahairsaloon.com\/wp-content\/uploads\/2018\/11\/Colors-tend\u00e8ncia-tardor-05-200x300.jpg\" alt=\"Colors tend\u00e8ncia tardor | Perruqueria unisex Tot Cabell | Sant Feliu de Gu\u00edxols\" width=\"200\" height=\"300\" srcset=\"https:\/\/www.patriciahairsaloon.com\/wp-content\/uploads\/2018\/11\/Colors-tend\u00e8ncia-tardor-05-200x300.jpg 200w, https:\/\/www.patriciahairsaloon.com\/wp-content\/uploads\/2018\/11\/Colors-tend\u00e8ncia-tardor-05.jpg 600w\" sizes=\"(max-width: 200px) 100vw, 200px\" \/><\/p>\n<p><\/div><div class=\"one_half name of animation last_column\"><\/p>\n<h3 style=\"text-align: center;\">PLATINO<\/h3>\n<p style=\"text-align: justify;\">Por supuesto,\u00a0los cabellos rubio platino\u00a0seguir\u00e1n siendo tendencia una temporada m\u00e1s. Las ra\u00edces se siguen llevando algo m\u00e1s oscuras que el resto para respetar la fibra capilar y no estropearlos demasiado y es que hay que mimar mucho estos tonos con\u00a0los productos adecuados para que no se transformen.<\/p>\n<p><img loading=\"lazy\" decoding=\"async\" class=\"aligncenter wp-image-764 size-medium\" src=\"https:\/\/www.patriciahairsaloon.com\/wp-content\/uploads\/2018\/11\/Colors-tend\u00e8ncia-tardor-06-200x300.jpg\" alt=\"Colors tend\u00e8ncia tardor | Perruqueria unisex Tot Cabell | Sant Feliu de Gu\u00edxols\" width=\"200\" height=\"300\" srcset=\"https:\/\/www.patriciahairsaloon.com\/wp-content\/uploads\/2018\/11\/Colors-tend\u00e8ncia-tardor-06-200x300.jpg 200w, https:\/\/www.patriciahairsaloon.com\/wp-content\/uploads\/2018\/11\/Colors-tend\u00e8ncia-tardor-06.jpg 600w\" sizes=\"(max-width: 200px) 100vw, 200px\" \/><\/p>\n<p><\/div><div class=\"one_half name of animation\"><\/p>\n<h3 style=\"text-align: center;\">DESGASTADO<\/h3>\n<p style=\"text-align: justify;\">El\u00a0dirty blonde\u00a0se pondr\u00e1 muy de moda el pr\u00f3ximo oto\u00f1o\/invierno 2018-2019. Y es que ese aire\u00a0trashed\u00a0ser\u00e1 el efecto m\u00e1s buscado por muchas a la hora de actualizar su look.<\/p>\n<p><img loading=\"lazy\" decoding=\"async\" class=\"aligncenter wp-image-765 size-medium\" src=\"https:\/\/www.patriciahairsaloon.com\/wp-content\/uploads\/2018\/11\/Colors-tend\u00e8ncia-tardor-07-200x300.jpg\" alt=\"Colors tend\u00e8ncia tardor | Perruqueria unisex Tot Cabell | Sant Feliu de Gu\u00edxols\" width=\"200\" height=\"300\" srcset=\"https:\/\/www.patriciahairsaloon.com\/wp-content\/uploads\/2018\/11\/Colors-tend\u00e8ncia-tardor-07-200x300.jpg 200w, https:\/\/www.patriciahairsaloon.com\/wp-content\/uploads\/2018\/11\/Colors-tend\u00e8ncia-tardor-07.jpg 600w\" sizes=\"(max-width: 200px) 100vw, 200px\" \/><\/p>\n<p><\/div><div class=\"one_half name of animation last_column\"><\/p>\n<h3 style=\"text-align: center;\">ROSA<\/h3>\n<p style=\"text-align: justify;\">Los colores de fantas\u00eda, aunque no son para todo el mundo, volver\u00e1n a ser ideales para las m\u00e1s atrevidas. El rosa desgastado seguir\u00e1 siendo la gran estrella pero vienen pisando fuerte tonos violetas y anaranjados. \u00bfTe atreves?<\/p>\n<p><img loading=\"lazy\" decoding=\"async\" class=\"aligncenter wp-image-766 size-medium\" src=\"https:\/\/www.patriciahairsaloon.com\/wp-content\/uploads\/2018\/11\/Colors-tend\u00e8ncia-tardor-08-200x300.jpg\" alt=\"Colors tend\u00e8ncia tardor | Perruqueria unisex Tot Cabell | Sant Feliu de Gu\u00edxols\" width=\"200\" height=\"300\" srcset=\"https:\/\/www.patriciahairsaloon.com\/wp-content\/uploads\/2018\/11\/Colors-tend\u00e8ncia-tardor-08-200x300.jpg 200w, https:\/\/www.patriciahairsaloon.com\/wp-content\/uploads\/2018\/11\/Colors-tend\u00e8ncia-tardor-08.jpg 600w\" sizes=\"(max-width: 200px) 100vw, 200px\" \/><\/p>\n<p><\/div><\/p>\n<p>No todos los colores favorecen por igual\u2026 porque cada melena, cada tono de piel\u2026 \u00a1es \u00fanica!\u00a0As\u00ed que hazte con tu opci\u00f3n pero deja que te asesoremos.<br \/>\nPon un toque de color a esta temporada con <strong>Tot Cabell<\/strong>!<\/p>","protected":false},"excerpt":{"rendered":"<p style=\"text-align: justify;\">Hemos escogido 8 colores que son tendencia esta temporada de Oto\u00f1o- Invierno 2018\/19. <\/p>\n<p style=\"text-align: justify;\">Momento de revisar tu look!<\/p>\n","protected":false},"author":1,"featured_media":767,"comment_status":"closed","ping_status":"closed","sticky":false,"template":"","format":"standard","meta":{"footnotes":""},"categories":[1],"tags":[],"class_list":["post-753","post","type-post","status-publish","format-standard","has-post-thumbnail","hentry","category-blog"],"_links":{"self":[{"href":"https:\/\/www.patriciahairsaloon.com\/es\/wp-json\/wp\/v2\/posts\/753","targetHints":{"allow":["GET"]}}],"collection":[{"href":"https:\/\/www.patriciahairsaloon.com\/es\/wp-json\/wp\/v2\/posts"}],"about":[{"href":"https:\/\/www.patriciahairsaloon.com\/es\/wp-json\/wp\/v2\/types\/post"}],"author":[{"embeddable":true,"href":"https:\/\/www.patriciahairsaloon.com\/es\/wp-json\/wp\/v2\/users\/1"}],"replies":[{"embeddable":true,"href":"https:\/\/www.patriciahairsaloon.com\/es\/wp-json\/wp\/v2\/comments?post=753"}],"version-history":[{"count":0,"href":"https:\/\/www.patriciahairsaloon.com\/es\/wp-json\/wp\/v2\/posts\/753\/revisions"}],"wp:featuredmedia":[{"embeddable":true,"href":"https:\/\/www.patriciahairsaloon.com\/es\/wp-json\/wp\/v2\/media\/767"}],"wp:attachment":[{"href":"https:\/\/www.patriciahairsaloon.com\/es\/wp-json\/wp\/v2\/media?parent=753"}],"wp:term":[{"taxonomy":"category","embeddable":true,"href":"https:\/\/www.patriciahairsaloon.com\/es\/wp-json\/wp\/v2\/categories?post=753"},{"taxonomy":"post_tag","embeddable":true,"href":"https:\/\/www.patriciahairsaloon.com\/es\/wp-json\/wp\/v2\/tags?post=753"}],"curies":[{"name":"wp","href":"https:\/\/api.w.org\/{rel}","templated":true}]}}