{"id":960,"date":"2019-08-23T17:13:33","date_gmt":"2019-08-23T15:13:33","guid":{"rendered":"https:\/\/www.patriciahairsaloon.com\/?p=960"},"modified":"2019-08-23T17:13:33","modified_gmt":"2019-08-23T15:13:33","slug":"melena-pel-roja-rejoveneix-10-anys","status":"publish","type":"post","link":"https:\/\/www.patriciahairsaloon.com\/es\/melena-pel-roja-rejoveneix-10-anys\/","title":{"rendered":"Melena pelirroja: Rejuvenece 10 a\u00f1os"},"content":{"rendered":"<p><\/p>\n<h3>Melena pelirroja: la tendencia de color de pelo m\u00e1s inesperada de 2019 que rejuvenece 10 a\u00f1os<\/h3>\n<p style=\"text-align: justify;\">Las coloraciones para el cabello son infinitas. Pero hay una que, llamativamente, est\u00e1 triunfando mucho. Se trata de un tono muy ca\u00f1ero y llamativo solo apto para las m\u00e1s atrevidas.<\/p>\n<p style=\"text-align: justify;\">Hablamos del tono rojizo al que se han sumado recientemente muchas famosas.<\/p>\n<p style=\"text-align: justify;\">Se trata de un tinte <strong>perfecto para dar luz y movimiento a la melena<\/strong>. Unos peque\u00f1os destellos rojos son <strong>ideales para los cabellos m\u00e1s oscuros<\/strong> porque combinan perfectamente con una ra\u00edz morena o casta\u00f1a. Adem\u00e1s <strong>rejuvenece, ya que los tonos m\u00e1s claros iluminan y dulcifican el rostro<\/strong>.<\/p>\n<p style=\"text-align: justify;\">Si a ti tambi\u00e9n te apetece triunfar con un cambio de look radical este verano toma nota: p\u00eddenos el pelirrojo auburn o el flannel. Dos t\u00e9cnicas muy sutiles y con mucho estilo que elevar\u00e1n tu pelo a otro nivel a trav\u00e9s de las mechas balayage y de los reflejos<\/p>\n<p style=\"text-align: justify;\">Ven a <strong>Tot Cabell<\/strong> y te ayudaremos a elegir el tono que mejor combine con tu personalidad, el que m\u00e1s te favorezca!<\/p>\n<h3 style=\"text-align: justify;\">\u00a1A\u00fan est\u00e1s a tiempo de lucir el look del verano!<\/h3>\n<p><img decoding=\"async\" class=\"aligncenter wp-image-963 size-full\" title=\"Melena pelirroja | Perruqueria Tot Cabell\" src=\"https:\/\/www.patriciahairsaloon.com\/wp-content\/uploads\/2019\/08\/Melena-p\u00e8l-roja-Perruqueria-Tot-Cabell.jpg\" alt=\"Melena pelirroja | Perruqueria Tot Cabell\" width=\"847\" height=\"477\" srcset=\"https:\/\/www.patriciahairsaloon.com\/wp-content\/uploads\/2019\/08\/Melena-p\u00e8l-roja-Perruqueria-Tot-Cabell.jpg 847w, https:\/\/www.patriciahairsaloon.com\/wp-content\/uploads\/2019\/08\/Melena-p\u00e8l-roja-Perruqueria-Tot-Cabell-300x169.jpg 300w\" sizes=\"(max-width: 847px) 100vw, 847px\" \/><\/p>","protected":false},"excerpt":{"rendered":"<p style=\"text-align: justify;\">Las coloraciones para el cabello son infinitas. Pero hay una que, llamativamente, est\u00e1 triunfando mucho. Se trata de un tono muy ca\u00f1ero y llamativo solo apto para las m\u00e1s atrevidas.<\/p>\n<p style=\"text-align: justify;\">Hablamos del tono rojizo al que se han sumado recientemente muchas famosas.<\/p>\n","protected":false},"author":1,"featured_media":963,"comment_status":"closed","ping_status":"closed","sticky":false,"template":"","format":"standard","meta":{"footnotes":""},"categories":[1],"tags":[],"class_list":["post-960","post","type-post","status-publish","format-standard","has-post-thumbnail","hentry","category-blog"],"_links":{"self":[{"href":"https:\/\/www.patriciahairsaloon.com\/es\/wp-json\/wp\/v2\/posts\/960","targetHints":{"allow":["GET"]}}],"collection":[{"href":"https:\/\/www.patriciahairsaloon.com\/es\/wp-json\/wp\/v2\/posts"}],"about":[{"href":"https:\/\/www.patriciahairsaloon.com\/es\/wp-json\/wp\/v2\/types\/post"}],"author":[{"embeddable":true,"href":"https:\/\/www.patriciahairsaloon.com\/es\/wp-json\/wp\/v2\/users\/1"}],"replies":[{"embeddable":true,"href":"https:\/\/www.patriciahairsaloon.com\/es\/wp-json\/wp\/v2\/comments?post=960"}],"version-history":[{"count":0,"href":"https:\/\/www.patriciahairsaloon.com\/es\/wp-json\/wp\/v2\/posts\/960\/revisions"}],"wp:featuredmedia":[{"embeddable":true,"href":"https:\/\/www.patriciahairsaloon.com\/es\/wp-json\/wp\/v2\/media\/963"}],"wp:attachment":[{"href":"https:\/\/www.patriciahairsaloon.com\/es\/wp-json\/wp\/v2\/media?parent=960"}],"wp:term":[{"taxonomy":"category","embeddable":true,"href":"https:\/\/www.patriciahairsaloon.com\/es\/wp-json\/wp\/v2\/categories?post=960"},{"taxonomy":"post_tag","embeddable":true,"href":"https:\/\/www.patriciahairsaloon.com\/es\/wp-json\/wp\/v2\/tags?post=960"}],"curies":[{"name":"wp","href":"https:\/\/api.w.org\/{rel}","templated":true}]}}